{"id":806,"date":"2026-03-01T02:07:24","date_gmt":"2026-03-01T01:07:24","guid":{"rendered":"https:\/\/femme2000.org\/?p=806"},"modified":"2026-03-01T02:07:28","modified_gmt":"2026-03-01T01:07:28","slug":"le-livre-contre-les-machines","status":"publish","type":"post","link":"https:\/\/femme2000.org\/?p=806","title":{"rendered":"LE LIVRE CONTRE LES MACHINES"},"content":{"rendered":"\n<p><em>\u00c0 Yaound\u00e9, l\u2019Afrique d\u00e9fie l\u2019intelligence artificielle<\/em><\/p>\n\n\n\n<p>Cr\u00e9ation humaine, culture, identit\u00e9 : l\u2019IA peut-elle remplacer l\u2019\u00e2me du livre ?<\/p>\n\n\n\n<p>DU 11 AU 14 MARS 2026<br>MUS\u00c9E NATIONAL DU CAMEROUN \u2013 YAOUND\u00c9<br><br>Salon International de l\u2019Industrie du Livre de Yaound\u00e9 (SIILY)<br>Th\u00e8me : \u00ab Le Livre face \u00e0 l\u2019Intelligence Artificielle \u00bb<\/p>\n\n\n\n<figure class=\"wp-block-image size-large\"><img width=\"929\" height=\"1024\"  alt=\"\" class=\"wp-image-808 lws-optimize-lazyload\"\/ data-src=\"https:\/\/femme2000.org\/wp-content\/uploads\/2026\/03\/IMG_4842-1-929x1024.jpeg\" srcset=\"https:\/\/femme2000.org\/wp-content\/uploads\/2026\/03\/IMG_4842-1-929x1024.jpeg 929w, https:\/\/femme2000.org\/wp-content\/uploads\/2026\/03\/IMG_4842-1-272x300.jpeg 272w, https:\/\/femme2000.org\/wp-content\/uploads\/2026\/03\/IMG_4842-1-768x847.jpeg 768w, https:\/\/femme2000.org\/wp-content\/uploads\/2026\/03\/IMG_4842-1-610x672.jpeg 610w, https:\/\/femme2000.org\/wp-content\/uploads\/2026\/03\/IMG_4842-1-1080x1190.jpeg 1080w, https:\/\/femme2000.org\/wp-content\/uploads\/2026\/03\/IMG_4842-1.jpeg 1125w\" sizes=\"(max-width: 929px) 100vw, 929px\" \/><\/figure>\n\n\n\n<p>L\u2019intelligence artificielle bouleverse l\u2019\u00e9criture, l\u2019\u00e9dition et la lecture. Mais peut-elle remplacer l\u2019\u00e2me du livre ?<br>Du 11 au 14 mars 2026, le Salon International de l\u2019Industrie du Livre de Yaound\u00e9 (SIILY) ouvre un d\u00e9bat crucial au Mus\u00e9e National du Cameroun. Quatre jours pour penser le futur du livre, entre h\u00e9ritage culturel et r\u00e9volution num\u00e9rique.<\/p>\n\n\n\n<p>\u00c0 l\u2019heure o\u00f9 les algorithmes \u00e9crivent, traduisent et recommandent des textes \u00e0 grande vitesse, le livre reste-t-il un espace de cr\u00e9ation profond\u00e9ment humain ? C\u2019est \u00e0 cette interrogation majeure que r\u00e9pondra le&nbsp;<strong>SIILY 2026<\/strong>, plac\u00e9 sous le th\u00e8me&nbsp;<strong>\u00ab Le Livre face \u00e0 l\u2019Intelligence Artificielle \u00bb<\/strong>. Un rendez-vous culturel d\u2019envergure continentale, au croisement des savoirs, des technologies et des identit\u00e9s.<\/p>\n\n\n\n<p><strong>Le SIILY, pilier du livre en Afrique centrale<\/strong><\/p>\n\n\n\n<p>Organis\u00e9 par l\u2019Association des Promoteurs de l\u2019Industrie du Livre (APIL), sous l\u2019\u00e9gide du Minist\u00e8re des Arts et de la Culture (MINAC), le SIILY s\u2019est impos\u00e9, au fil des \u00e9ditions, comme le principal carrefour du livre en Afrique centrale.<br>Depuis ses pr\u00e9c\u00e9dentes \u00e9ditions r\u00e9ussies (2023, 2024 et 2025), le salon r\u00e9unit chaque ann\u00e9e \u00e9diteurs, auteurs, libraires, enseignants, chercheurs, biblioth\u00e9caires, start-up du num\u00e9rique et institutions culturelles.<\/p>\n\n\n\n<p><strong>Quatre jours pour penser, d\u00e9battre et cr\u00e9er<\/strong><\/p>\n\n\n\n<p>Du 11 au 14 mars 2026, le Mus\u00e9e National du Cameroun \u00e0 Yaound\u00e9 se transformera en un v\u00e9ritable laboratoire d\u2019id\u00e9es et de cr\u00e9ations. Pendant quatre jours, le SIILY proposera un programme riche et structurant, m\u00ealant conf\u00e9rences de haut niveau consacr\u00e9es \u00e0 l\u2019impact de l\u2019intelligence artificielle sur l\u2019\u00e9dition, la traduction et la circulation du savoir, ainsi que tables rondes d\u00e9di\u00e9es aux enjeux du droit d\u2019auteur, de l\u2019\u00e9thique et de la propri\u00e9t\u00e9 intellectuelle \u00e0 l\u2019\u00e8re num\u00e9rique. Des ateliers de formation offriront aux jeunes auteurs, \u00e9diteurs et professionnels du livre des outils concrets pour s\u2019adapter aux mutations du secteur. Le salon sera \u00e9galement rythm\u00e9 par des expositions et ventes d\u2019ouvrages, facilitant l\u2019acc\u00e8s aux productions locales et internationales, sans oublier les s\u00e9ances de d\u00e9dicaces, les prestations artistiques et les remises de prix litt\u00e9raires, qui viendront c\u00e9l\u00e9brer la cr\u00e9ativit\u00e9 et l\u2019excellence du monde du livre.<\/p>\n\n\n\n<p><strong>Miss SIILY : la lecture sous un autre projecteur<\/strong><\/p>\n\n\n\n<p>Moment tr\u00e8s attendu du public, l\u2019<strong>\u00e9lection de Miss SIILY<\/strong>&nbsp;s\u2019inscrit d\u00e9sormais comme une signature du salon. Loin d\u2019\u00eatre anecdotique, cette initiative vise \u00e0 populariser la lecture, notamment aupr\u00e8s de la jeunesse, en liant culture, expression et engagement citoyen.<\/p>\n\n\n\n<p><strong>Un salon inclusif et accessible \u00e0 tous<\/strong><\/p>\n\n\n\n<p>Directeur du salon et pr\u00e9sident de l\u2019APIL,&nbsp;<strong>MATCHADJE YOGOLIPAKA<\/strong>&nbsp;place l\u2019inclusion au c\u0153ur de cette \u00e9dition 2026. Des espaces adapt\u00e9s et la participation d\u2019associations de d\u00e9fense des droits des personnes en situation de handicap sont annonc\u00e9es.<br>Un message clair : le livre, la culture et le savoir sont des droits universels, ind\u00e9pendamment des capacit\u00e9s physiques ou sociales.<\/p>\n\n\n\n<p><strong>La Turquie, pays \u00e0 l\u2019honneur<\/strong><\/p>\n\n\n\n<p>Fait marquant de cette \u00e9dition :&nbsp;<strong>la Turquie est le pays invit\u00e9 d\u2019honneur<\/strong>. Une occasion de renforcer la coop\u00e9ration culturelle et \u00e9ditoriale Sud\u2013Sud, de d\u00e9couvrir la richesse de la litt\u00e9rature turque contemporaine et d\u2019encourager les \u00e9changes entre \u00e9diteurs africains et internationaux.<\/p>\n\n\n\n<p><strong>Le livre, dernier rempart de l\u2019esprit critique<\/strong><\/p>\n\n\n\n<p>\u00c0 l\u2019heure o\u00f9 l\u2019intelligence artificielle promet vitesse et performance, le SIILY 2026 rappelle une v\u00e9rit\u00e9 essentielle : le livre n\u2019est pas qu\u2019un produit, c\u2019est un acte de transmission, de m\u00e9moire et de libert\u00e9.&nbsp;En r\u00e9unissant traditions litt\u00e9raires et innovations technologiques, Yaound\u00e9 s\u2019impose, le temps de quatre jours, comme une capitale intellectuelle o\u00f9 se joue une question d\u00e9cisive : quel avenir pour la pens\u00e9e humaine dans un monde gouvern\u00e9 par les algorithmes ?<\/p>\n\n\n\n<p><strong>Au SIILY 2026, le futur s\u2019\u00e9crit encore \u00e0 la main\u2026 et se lit avec l\u2019esprit.<\/strong><\/p>\n\n\n\n<p><strong>Sane<\/strong><\/p>\n","protected":false},"excerpt":{"rendered":"<p>\u00c0 Yaound\u00e9, l\u2019Afrique d\u00e9fie l\u2019intelligence artificielle Cr\u00e9ation humaine, culture, identit\u00e9 : l\u2019IA peut-elle remplacer l\u2019\u00e2me du livre ? DU 11 AU 14 MARS 2026MUS\u00c9E NATIONAL DU CAMEROUN \u2013 YAOUND\u00c9 Salon International de l\u2019Industrie du Livre de Yaound\u00e9 (SIILY)Th\u00e8me : \u00ab Le Livre face \u00e0 l\u2019Intelligence Artificielle \u00bb L\u2019intelligence artificielle bouleverse l\u2019\u00e9criture, l\u2019\u00e9dition et la lecture. [&hellip;]<\/p>\n","protected":false},"author":1,"featured_media":807,"comment_status":"open","ping_status":"open","sticky":false,"template":"","format":"standard","meta":{"_et_pb_use_builder":"off","_et_pb_old_content":"","_et_gb_content_width":"","footnotes":""},"categories":[13],"tags":[],"class_list":["post-806","post","type-post","status-publish","format-standard","has-post-thumbnail","hentry","category-litterature","et-has-post-format-content","et_post_format-et-post-format-standard"],"yoast_head":"<!-- This site is optimized with the Yoast SEO plugin v27.5 - https:\/\/yoast.com\/product\/yoast-seo-wordpress\/ -->\n<title>LE LIVRE CONTRE LES MACHINES - Femme 2000<\/title>\n<meta name=\"robots\" content=\"index, follow, max-snippet:-1, max-image-preview:large, max-video-preview:-1\" \/>\n<link rel=\"canonical\" href=\"https:\/\/femme2000.org\/?p=806\" \/>\n<meta property=\"og:locale\" content=\"en_US\" \/>\n<meta property=\"og:type\" content=\"article\" \/>\n<meta property=\"og:title\" content=\"LE LIVRE CONTRE LES MACHINES - Femme 2000\" \/>\n<meta property=\"og:description\" content=\"\u00c0 Yaound\u00e9, l\u2019Afrique d\u00e9fie l\u2019intelligence artificielle Cr\u00e9ation humaine, culture, identit\u00e9 : l\u2019IA peut-elle remplacer l\u2019\u00e2me du livre ? DU 11 AU 14 MARS 2026MUS\u00c9E NATIONAL DU CAMEROUN \u2013 YAOUND\u00c9 Salon International de l\u2019Industrie du Livre de Yaound\u00e9 (SIILY)Th\u00e8me : \u00ab Le Livre face \u00e0 l\u2019Intelligence Artificielle \u00bb L\u2019intelligence artificielle bouleverse l\u2019\u00e9criture, l\u2019\u00e9dition et la lecture. [&hellip;]\" \/>\n<meta property=\"og:url\" content=\"https:\/\/femme2000.org\/?p=806\" \/>\n<meta property=\"og:site_name\" content=\"Femme 2000\" \/>\n<meta property=\"article:published_time\" content=\"2026-03-01T01:07:24+00:00\" \/>\n<meta property=\"article:modified_time\" content=\"2026-03-01T01:07:28+00:00\" \/>\n<meta property=\"og:image\" content=\"https:\/\/femme2000.org\/wp-content\/uploads\/2026\/03\/IMG_4842.jpeg\" \/>\n\t<meta property=\"og:image:width\" content=\"1125\" \/>\n\t<meta property=\"og:image:height\" content=\"1240\" \/>\n\t<meta property=\"og:image:type\" content=\"image\/jpeg\" \/>\n<meta name=\"author\" content=\"Moise Samake\" \/>\n<meta name=\"twitter:card\" content=\"summary_large_image\" \/>\n<meta name=\"twitter:label1\" content=\"Written by\" \/>\n\t<meta name=\"twitter:data1\" content=\"Moise Samake\" \/>\n\t<meta name=\"twitter:label2\" content=\"Est. reading time\" \/>\n\t<meta name=\"twitter:data2\" content=\"4 minutes\" \/>\n<script type=\"application\/ld+json\" class=\"yoast-schema-graph\">{\"@context\":\"https:\\\/\\\/schema.org\",\"@graph\":[{\"@type\":\"Article\",\"@id\":\"https:\\\/\\\/femme2000.org\\\/?p=806#article\",\"isPartOf\":{\"@id\":\"https:\\\/\\\/femme2000.org\\\/?p=806\"},\"author\":{\"name\":\"Moise Samake\",\"@id\":\"https:\\\/\\\/femme2000.org\\\/#\\\/schema\\\/person\\\/872fae86137fcdcd0b06134858c03db8\"},\"headline\":\"LE LIVRE CONTRE LES MACHINES\",\"datePublished\":\"2026-03-01T01:07:24+00:00\",\"dateModified\":\"2026-03-01T01:07:28+00:00\",\"mainEntityOfPage\":{\"@id\":\"https:\\\/\\\/femme2000.org\\\/?p=806\"},\"wordCount\":710,\"commentCount\":0,\"image\":{\"@id\":\"https:\\\/\\\/femme2000.org\\\/?p=806#primaryimage\"},\"thumbnailUrl\":\"https:\\\/\\\/femme2000.org\\\/wp-content\\\/uploads\\\/2026\\\/03\\\/IMG_4842.jpeg\",\"articleSection\":[\"LITT\u00c9RATURE\"],\"inLanguage\":\"en-US\",\"potentialAction\":[{\"@type\":\"CommentAction\",\"name\":\"Comment\",\"target\":[\"https:\\\/\\\/femme2000.org\\\/?p=806#respond\"]}]},{\"@type\":\"WebPage\",\"@id\":\"https:\\\/\\\/femme2000.org\\\/?p=806\",\"url\":\"https:\\\/\\\/femme2000.org\\\/?p=806\",\"name\":\"LE LIVRE CONTRE LES MACHINES - Femme 2000\",\"isPartOf\":{\"@id\":\"https:\\\/\\\/femme2000.org\\\/#website\"},\"primaryImageOfPage\":{\"@id\":\"https:\\\/\\\/femme2000.org\\\/?p=806#primaryimage\"},\"image\":{\"@id\":\"https:\\\/\\\/femme2000.org\\\/?p=806#primaryimage\"},\"thumbnailUrl\":\"https:\\\/\\\/femme2000.org\\\/wp-content\\\/uploads\\\/2026\\\/03\\\/IMG_4842.jpeg\",\"datePublished\":\"2026-03-01T01:07:24+00:00\",\"dateModified\":\"2026-03-01T01:07:28+00:00\",\"author\":{\"@id\":\"https:\\\/\\\/femme2000.org\\\/#\\\/schema\\\/person\\\/872fae86137fcdcd0b06134858c03db8\"},\"breadcrumb\":{\"@id\":\"https:\\\/\\\/femme2000.org\\\/?p=806#breadcrumb\"},\"inLanguage\":\"en-US\",\"potentialAction\":[{\"@type\":\"ReadAction\",\"target\":[\"https:\\\/\\\/femme2000.org\\\/?p=806\"]}]},{\"@type\":\"ImageObject\",\"inLanguage\":\"en-US\",\"@id\":\"https:\\\/\\\/femme2000.org\\\/?p=806#primaryimage\",\"url\":\"https:\\\/\\\/femme2000.org\\\/wp-content\\\/uploads\\\/2026\\\/03\\\/IMG_4842.jpeg\",\"contentUrl\":\"https:\\\/\\\/femme2000.org\\\/wp-content\\\/uploads\\\/2026\\\/03\\\/IMG_4842.jpeg\",\"width\":1125,\"height\":1240},{\"@type\":\"BreadcrumbList\",\"@id\":\"https:\\\/\\\/femme2000.org\\\/?p=806#breadcrumb\",\"itemListElement\":[{\"@type\":\"ListItem\",\"position\":1,\"name\":\"Home\",\"item\":\"https:\\\/\\\/femme2000.org\\\/\"},{\"@type\":\"ListItem\",\"position\":2,\"name\":\"LE LIVRE CONTRE LES MACHINES\"}]},{\"@type\":\"WebSite\",\"@id\":\"https:\\\/\\\/femme2000.org\\\/#website\",\"url\":\"https:\\\/\\\/femme2000.org\\\/\",\"name\":\"Femme 2000\",\"description\":\"\u201cOn ne na\u00eet pas femme on le devient \u201d Simone de Beauvoir\",\"potentialAction\":[{\"@type\":\"SearchAction\",\"target\":{\"@type\":\"EntryPoint\",\"urlTemplate\":\"https:\\\/\\\/femme2000.org\\\/?s={search_term_string}\"},\"query-input\":{\"@type\":\"PropertyValueSpecification\",\"valueRequired\":true,\"valueName\":\"search_term_string\"}}],\"inLanguage\":\"en-US\"},{\"@type\":\"Person\",\"@id\":\"https:\\\/\\\/femme2000.org\\\/#\\\/schema\\\/person\\\/872fae86137fcdcd0b06134858c03db8\",\"name\":\"Moise Samake\",\"image\":{\"@type\":\"ImageObject\",\"inLanguage\":\"en-US\",\"@id\":\"https:\\\/\\\/secure.gravatar.com\\\/avatar\\\/ad7b1ae70079ca0db1fba745586c2385e03faf46642db4d9c265e2e5c6cd949a?s=96&d=mm&r=g\",\"url\":\"https:\\\/\\\/secure.gravatar.com\\\/avatar\\\/ad7b1ae70079ca0db1fba745586c2385e03faf46642db4d9c265e2e5c6cd949a?s=96&d=mm&r=g\",\"contentUrl\":\"https:\\\/\\\/secure.gravatar.com\\\/avatar\\\/ad7b1ae70079ca0db1fba745586c2385e03faf46642db4d9c265e2e5c6cd949a?s=96&d=mm&r=g\",\"caption\":\"Moise Samake\"},\"sameAs\":[\"https:\\\/\\\/femme2000.org\"],\"url\":\"https:\\\/\\\/femme2000.org\\\/?author=1\"}]}<\/script>\n<!-- \/ Yoast SEO plugin. -->","yoast_head_json":{"title":"LE LIVRE CONTRE LES MACHINES - Femme 2000","robots":{"index":"index","follow":"follow","max-snippet":"max-snippet:-1","max-image-preview":"max-image-preview:large","max-video-preview":"max-video-preview:-1"},"canonical":"https:\/\/femme2000.org\/?p=806","og_locale":"en_US","og_type":"article","og_title":"LE LIVRE CONTRE LES MACHINES - Femme 2000","og_description":"\u00c0 Yaound\u00e9, l\u2019Afrique d\u00e9fie l\u2019intelligence artificielle Cr\u00e9ation humaine, culture, identit\u00e9 : l\u2019IA peut-elle remplacer l\u2019\u00e2me du livre ? DU 11 AU 14 MARS 2026MUS\u00c9E NATIONAL DU CAMEROUN \u2013 YAOUND\u00c9 Salon International de l\u2019Industrie du Livre de Yaound\u00e9 (SIILY)Th\u00e8me : \u00ab Le Livre face \u00e0 l\u2019Intelligence Artificielle \u00bb L\u2019intelligence artificielle bouleverse l\u2019\u00e9criture, l\u2019\u00e9dition et la lecture. [&hellip;]","og_url":"https:\/\/femme2000.org\/?p=806","og_site_name":"Femme 2000","article_published_time":"2026-03-01T01:07:24+00:00","article_modified_time":"2026-03-01T01:07:28+00:00","og_image":[{"width":1125,"height":1240,"url":"https:\/\/femme2000.org\/wp-content\/uploads\/2026\/03\/IMG_4842.jpeg","type":"image\/jpeg"}],"author":"Moise Samake","twitter_card":"summary_large_image","twitter_misc":{"Written by":"Moise Samake","Est. reading time":"4 minutes"},"schema":{"@context":"https:\/\/schema.org","@graph":[{"@type":"Article","@id":"https:\/\/femme2000.org\/?p=806#article","isPartOf":{"@id":"https:\/\/femme2000.org\/?p=806"},"author":{"name":"Moise Samake","@id":"https:\/\/femme2000.org\/#\/schema\/person\/872fae86137fcdcd0b06134858c03db8"},"headline":"LE LIVRE CONTRE LES MACHINES","datePublished":"2026-03-01T01:07:24+00:00","dateModified":"2026-03-01T01:07:28+00:00","mainEntityOfPage":{"@id":"https:\/\/femme2000.org\/?p=806"},"wordCount":710,"commentCount":0,"image":{"@id":"https:\/\/femme2000.org\/?p=806#primaryimage"},"thumbnailUrl":"https:\/\/femme2000.org\/wp-content\/uploads\/2026\/03\/IMG_4842.jpeg","articleSection":["LITT\u00c9RATURE"],"inLanguage":"en-US","potentialAction":[{"@type":"CommentAction","name":"Comment","target":["https:\/\/femme2000.org\/?p=806#respond"]}]},{"@type":"WebPage","@id":"https:\/\/femme2000.org\/?p=806","url":"https:\/\/femme2000.org\/?p=806","name":"LE LIVRE CONTRE LES MACHINES - Femme 2000","isPartOf":{"@id":"https:\/\/femme2000.org\/#website"},"primaryImageOfPage":{"@id":"https:\/\/femme2000.org\/?p=806#primaryimage"},"image":{"@id":"https:\/\/femme2000.org\/?p=806#primaryimage"},"thumbnailUrl":"https:\/\/femme2000.org\/wp-content\/uploads\/2026\/03\/IMG_4842.jpeg","datePublished":"2026-03-01T01:07:24+00:00","dateModified":"2026-03-01T01:07:28+00:00","author":{"@id":"https:\/\/femme2000.org\/#\/schema\/person\/872fae86137fcdcd0b06134858c03db8"},"breadcrumb":{"@id":"https:\/\/femme2000.org\/?p=806#breadcrumb"},"inLanguage":"en-US","potentialAction":[{"@type":"ReadAction","target":["https:\/\/femme2000.org\/?p=806"]}]},{"@type":"ImageObject","inLanguage":"en-US","@id":"https:\/\/femme2000.org\/?p=806#primaryimage","url":"https:\/\/femme2000.org\/wp-content\/uploads\/2026\/03\/IMG_4842.jpeg","contentUrl":"https:\/\/femme2000.org\/wp-content\/uploads\/2026\/03\/IMG_4842.jpeg","width":1125,"height":1240},{"@type":"BreadcrumbList","@id":"https:\/\/femme2000.org\/?p=806#breadcrumb","itemListElement":[{"@type":"ListItem","position":1,"name":"Home","item":"https:\/\/femme2000.org\/"},{"@type":"ListItem","position":2,"name":"LE LIVRE CONTRE LES MACHINES"}]},{"@type":"WebSite","@id":"https:\/\/femme2000.org\/#website","url":"https:\/\/femme2000.org\/","name":"Femme 2000","description":"\u201cOn ne na\u00eet pas femme on le devient \u201d Simone de Beauvoir","potentialAction":[{"@type":"SearchAction","target":{"@type":"EntryPoint","urlTemplate":"https:\/\/femme2000.org\/?s={search_term_string}"},"query-input":{"@type":"PropertyValueSpecification","valueRequired":true,"valueName":"search_term_string"}}],"inLanguage":"en-US"},{"@type":"Person","@id":"https:\/\/femme2000.org\/#\/schema\/person\/872fae86137fcdcd0b06134858c03db8","name":"Moise Samake","image":{"@type":"ImageObject","inLanguage":"en-US","@id":"https:\/\/secure.gravatar.com\/avatar\/ad7b1ae70079ca0db1fba745586c2385e03faf46642db4d9c265e2e5c6cd949a?s=96&d=mm&r=g","url":"https:\/\/secure.gravatar.com\/avatar\/ad7b1ae70079ca0db1fba745586c2385e03faf46642db4d9c265e2e5c6cd949a?s=96&d=mm&r=g","contentUrl":"https:\/\/secure.gravatar.com\/avatar\/ad7b1ae70079ca0db1fba745586c2385e03faf46642db4d9c265e2e5c6cd949a?s=96&d=mm&r=g","caption":"Moise Samake"},"sameAs":["https:\/\/femme2000.org"],"url":"https:\/\/femme2000.org\/?author=1"}]}},"_links":{"self":[{"href":"https:\/\/femme2000.org\/index.php?rest_route=\/wp\/v2\/posts\/806","targetHints":{"allow":["GET"]}}],"collection":[{"href":"https:\/\/femme2000.org\/index.php?rest_route=\/wp\/v2\/posts"}],"about":[{"href":"https:\/\/femme2000.org\/index.php?rest_route=\/wp\/v2\/types\/post"}],"author":[{"embeddable":true,"href":"https:\/\/femme2000.org\/index.php?rest_route=\/wp\/v2\/users\/1"}],"replies":[{"embeddable":true,"href":"https:\/\/femme2000.org\/index.php?rest_route=%2Fwp%2Fv2%2Fcomments&post=806"}],"version-history":[{"count":1,"href":"https:\/\/femme2000.org\/index.php?rest_route=\/wp\/v2\/posts\/806\/revisions"}],"predecessor-version":[{"id":809,"href":"https:\/\/femme2000.org\/index.php?rest_route=\/wp\/v2\/posts\/806\/revisions\/809"}],"wp:featuredmedia":[{"embeddable":true,"href":"https:\/\/femme2000.org\/index.php?rest_route=\/wp\/v2\/media\/807"}],"wp:attachment":[{"href":"https:\/\/femme2000.org\/index.php?rest_route=%2Fwp%2Fv2%2Fmedia&parent=806"}],"wp:term":[{"taxonomy":"category","embeddable":true,"href":"https:\/\/femme2000.org\/index.php?rest_route=%2Fwp%2Fv2%2Fcategories&post=806"},{"taxonomy":"post_tag","embeddable":true,"href":"https:\/\/femme2000.org\/index.php?rest_route=%2Fwp%2Fv2%2Ftags&post=806"}],"curies":[{"name":"wp","href":"https:\/\/api.w.org\/{rel}","templated":true}]}}